{"id":1497,"date":"2025-01-13T08:21:26","date_gmt":"2025-01-13T08:21:26","guid":{"rendered":"https:\/\/infonaujiena.lt\/index.php\/2025\/01\/13\/laisves-lauzai-siauliecius-subure-pagerbti-sausio-13-osios-didvyrius\/"},"modified":"2025-01-13T08:21:26","modified_gmt":"2025-01-13T08:21:26","slug":"laisves-lauzai-siauliecius-subure-pagerbti-sausio-13-osios-didvyrius","status":"publish","type":"post","link":"https:\/\/infonaujiena.lt\/index.php\/2025\/01\/13\/laisves-lauzai-siauliecius-subure-pagerbti-sausio-13-osios-didvyrius\/","title":{"rendered":"Laisv\u0117s lau\u017eai \u0161iaulie\u010dius sub\u016br\u0117 pagerbti Sausio 13-osios didvyrius"},"content":{"rendered":"<p> <br \/>\n<\/p>\n<div>\n<p>2025 m. sausio 13-osios i\u0161vakar\u0117se, sekmadien\u012f, \u0160iauliuose buvo pagerbti kovotojai u\u017e laisv\u0119.<\/p>\n<p>Lietuvai reik\u0161mingos dienos min\u0117jimas prasid\u0117jo \u017euvusi\u0173j\u0173 atminimu \u0160v. apa\u0161tal\u0173 Petro ir Pauliaus katedroje, t\u0119s\u0117si miesto \u0161irdyje \u2013 Prisik\u0117limo aik\u0161t\u0117je, kur koncertine programa ir degusiais atminimo lau\u017eais \u012fprasmintas nebl\u0117stantis \u017emoni\u0173 ry\u017etas kovoti u\u017e tai, kas kiekvienam \u0161alies pilie\u010diui brangiausia \u2013 laisv\u0117.<\/p>\n<div class=\"g g-25\">\n<p>MN 15 | Straipsnio vidus 1 pragrafas | 969&#215;200<\/p>\n<\/div>\n<p><\/p>\n<p>Taip pat sausio 12-\u0105j\u0105 \u0161iaulie\u010diams ir miesto sve\u010diams pristatyta istorini\u0173 fotografij\u0173 paroda \u201e\u012e laisv\u0119, Lietuva!\u201c, kurioje nugul\u0117 skirting\u0173 laikotarpi\u0173 istorin\u0117s tematikos laisv\u0117s vaizdai. Reng\u0117ja \u2013 \u0160iauli\u0173 miesto savivaldyb\u0117. Organizatorius \u2013 \u0160iauli\u0173 kult\u016bros centras. Renginiai nemokami.<\/p>\n<p><img decoding=\"async\" loading=\"lazy\" class=\"aligncenter size-full wp-image-297876\" src=\"https:\/\/miestonaujienos.lt\/wp-content\/uploads\/2025\/01\/2-1.jpg\" alt=\"\" width=\"1230\" height=\"820\" srcset=\"https:\/\/miestonaujienos.lt\/wp-content\/uploads\/2025\/01\/2-1.jpg 1230w, https:\/\/miestonaujienos.lt\/wp-content\/uploads\/2025\/01\/2-1-219x146.jpg 219w\" sizes=\"auto, (max-width: 1230px) 100vw, 1230px\"\/><\/p>\n<p>Laisv\u0117s gyn\u0117j\u0173 dienai \u012fprasminti skirtas renginys \u0160iauliuose prasid\u0117jo \u0161v. Mi\u0161iomis \u0160v. apa\u0161tal\u0173 Petro ir Pauliaus katedroje. \u010cia prisimin\u0119 vardan laisv\u0117s gyvybes paaukojusius tautie\u010dius, \u0161iaulie\u010diai buvo kvie\u010diami min\u0117jim\u0105 t\u0119sti Prisik\u0117limo aik\u0161t\u0117je, kurioje susirinkusieji kartu su lietuvi\u0161ko folkloro grupe \u201eUgniavijas\u201c giedojo Tauti\u0161k\u0105 giesm\u0119.<\/p>\n<p><img decoding=\"async\" loading=\"lazy\" class=\"size-medium wp-image-297877 aligncenter\" src=\"https:\/\/miestonaujienos.lt\/wp-content\/uploads\/2025\/01\/3-1.jpg\" alt=\"\" width=\"1230\" height=\"820\" srcset=\"https:\/\/miestonaujienos.lt\/wp-content\/uploads\/2025\/01\/3-1.jpg 1230w, https:\/\/miestonaujienos.lt\/wp-content\/uploads\/2025\/01\/3-1-219x146.jpg 219w\" sizes=\"auto, (max-width: 1230px) 100vw, 1230px\"\/><\/p>\n<p>Renginio metu prisiminta keturiolika didvyri\u0173, kurie lemting\u0105 nakt\u012f kovojo u\u017e m\u016bs\u0173 vis\u0173 laisv\u0119, garsiai \u012fvardyti j\u0173 vardai ir pavard\u0117s. Po kiekvieno renginio ved\u0117jos i\u0161tarto didvyrio vardo KASP Prisik\u0117limo apygardos 6-osios rinktin\u0117s kariai \u017euvusiuosius pagerb\u0117 varpo d\u016b\u017eiu, o pagerbimo ceremonij\u0105 u\u017ebaig\u0117 tylos minut\u0117.<\/p>\n<p><img decoding=\"async\" loading=\"lazy\" class=\"size-medium wp-image-297879 aligncenter\" src=\"https:\/\/miestonaujienos.lt\/wp-content\/uploads\/2025\/01\/5-1.jpg\" alt=\"\" width=\"1230\" height=\"820\" srcset=\"https:\/\/miestonaujienos.lt\/wp-content\/uploads\/2025\/01\/5-1.jpg 1230w, https:\/\/miestonaujienos.lt\/wp-content\/uploads\/2025\/01\/5-1-219x146.jpg 219w\" sizes=\"auto, (max-width: 1230px) 100vw, 1230px\"\/><\/p>\n<p>Apie daugiau nei prie\u0161 tris de\u0161imtme\u010dius \u0161alies istorij\u0105 pakeitusi\u0105 nakt\u012f kalb\u0117jo istorijos mokytojas, skautas Serg\u0117jus Staponkus.<\/p>\n<p><img decoding=\"async\" loading=\"lazy\" class=\"size-medium wp-image-297880 aligncenter\" src=\"https:\/\/miestonaujienos.lt\/wp-content\/uploads\/2025\/01\/6-1.jpg\" alt=\"\" width=\"1230\" height=\"820\" srcset=\"https:\/\/miestonaujienos.lt\/wp-content\/uploads\/2025\/01\/6-1.jpg 1230w, https:\/\/miestonaujienos.lt\/wp-content\/uploads\/2025\/01\/6-1-219x146.jpg 219w\" sizes=\"auto, (max-width: 1230px) 100vw, 1230px\"\/><\/p>\n<blockquote>\n<p>\u201eB\u016btent tie \u017emon\u0117s, kurie susirinko sausio 13-\u0105j\u0105 ir j\u016bs \u010dia esate pilieti\u0161kumo pavyzd\u017eiai. Ateinate ne tik patys, bet ir atsivedate savo ma\u017euosius. Ir ko m\u016bs\u0173 prie\u0161ai bijo labiausiai? Bijo ne tik m\u016bs\u0173 laisv\u0117s, ne tik m\u016bs\u0173 draug\u0173, bet bijo m\u016bs\u0173 vienyb\u0117s, nes tik b\u016bdami vieningi, galime nugal\u0117ti savo prie\u0161\u0105 dainomis, maldomis. Taip, kaip padar\u0117me sausio \u012fvykiuose. Linkiu, kad \u017eyd\u0117t\u0173 vienyb\u0117, kad \u0161viest\u0173 Lietuva ir \u0160iauliai\u201c, \u2013 sak\u0117 jis.<\/p>\n<\/blockquote>\n<p><img decoding=\"async\" loading=\"lazy\" class=\"size-medium wp-image-297883 aligncenter\" src=\"https:\/\/miestonaujienos.lt\/wp-content\/uploads\/2025\/01\/9.jpg\" alt=\"\" width=\"1230\" height=\"820\" srcset=\"https:\/\/miestonaujienos.lt\/wp-content\/uploads\/2025\/01\/9.jpg 1230w, https:\/\/miestonaujienos.lt\/wp-content\/uploads\/2025\/01\/9-219x146.jpg 219w\" sizes=\"auto, (max-width: 1230px) 100vw, 1230px\"\/><\/p>\n<p>Sausio 12-osios vakar\u0105 pristatyta \u0160iauli\u0173 kult\u016bros centro parengta istorini\u0173 nuotrauk\u0173 paroda \u201e\u012e laisv\u0119, Lietuva!\u201c. Fotografijose nugul\u0119 vaizdai atspindi \u0160iaulius, \u0161iaulie\u010dius, kuri\u0173 ry\u017etas ir bendryst\u0117 ved\u0117 \u012f nepriklausomyb\u0119, o \u012fam\u017eintos istorinio kelio \u012f laisv\u0119 akimirkos tik dar kart\u0105 \u012frodo \u2013 esame vieninga tauta. Paroda Prisik\u0117limo aik\u0161t\u0117je bus eksponuojama iki kovo 11 d.<\/p>\n<p><img decoding=\"async\" loading=\"lazy\" class=\"size-medium wp-image-297882 aligncenter\" src=\"https:\/\/miestonaujienos.lt\/wp-content\/uploads\/2025\/01\/8.jpg\" alt=\"\" width=\"1230\" height=\"820\" srcset=\"https:\/\/miestonaujienos.lt\/wp-content\/uploads\/2025\/01\/8.jpg 1230w, https:\/\/miestonaujienos.lt\/wp-content\/uploads\/2025\/01\/8-219x146.jpg 219w\" sizes=\"auto, (max-width: 1230px) 100vw, 1230px\"\/><\/p>\n<p>Min\u0117jim\u0105 t\u0119s\u0117 \u012fkv\u0117pimo i\u0161 archai\u0161kiausi\u0173 liaudies melodij\u0173 besisemianti lietuvi\u0161ko folkloro grup\u0117 \u201eUgniavijas\u201c. Sodr\u016bs vyri\u0161ki balsai bei senovini\u0173 instrument\u0173 skambesys susirinkusiuosius nuk\u0117l\u0117 \u012f prisiminimus, kuriuose svarbiausias vaidmuo atiteko Lietuvai.<\/p>\n<p><img decoding=\"async\" loading=\"lazy\" class=\"size-medium wp-image-297878 aligncenter\" src=\"https:\/\/miestonaujienos.lt\/wp-content\/uploads\/2025\/01\/4-1.jpg\" alt=\"\" width=\"1230\" height=\"820\" srcset=\"https:\/\/miestonaujienos.lt\/wp-content\/uploads\/2025\/01\/4-1.jpg 1230w, https:\/\/miestonaujienos.lt\/wp-content\/uploads\/2025\/01\/4-1-219x146.jpg 219w\" sizes=\"auto, (max-width: 1230px) 100vw, 1230px\"\/><\/p>\n<p>Viso renginio metu Prisik\u0117limo aik\u0161t\u0117je liepsnojo atminimo lau\u017eai, kurie prie\u0161 daugiau nei trisde\u0161imt met\u0173 sujung\u0117 tautie\u010dius \u012f visuotin\u0119 svarbiausi\u0173 \u0161alies susisiekimo objekt\u0173 saugojimo misij\u0105 ir tapo pasiprie\u0161inimo \u017eenklais. Suburdami \u017emones bendrai kovai, lau\u017eai ne tik \u0161ild\u0117 budin\u010diuosius \u0161altomis \u017eiemos naktimis, bet ir simbolizavo gyv\u0105 laisv\u0117s dvasi\u0105.<\/p>\n<p><img decoding=\"async\" loading=\"lazy\" class=\"size-medium wp-image-297881 aligncenter\" src=\"https:\/\/miestonaujienos.lt\/wp-content\/uploads\/2025\/01\/7-1.jpg\" alt=\"\" width=\"1230\" height=\"820\" srcset=\"https:\/\/miestonaujienos.lt\/wp-content\/uploads\/2025\/01\/7-1.jpg 1230w, https:\/\/miestonaujienos.lt\/wp-content\/uploads\/2025\/01\/7-1-219x146.jpg 219w\" sizes=\"auto, (max-width: 1230px) 100vw, 1230px\"\/><\/p>\n<p>Min\u0117jimo metu su\u0161alusiuosius VSAT prie LR VRM Pag\u0117gi\u0173 pasienio rinktin\u0117s \u0160iauli\u0173 pasienio u\u017ekardos pasienie\u010diai vai\u0161ino arbata ir ko\u0161e. Renginio oficiali dalis buvo ver\u010diame \u012f gest\u0173 kalb\u0105.<\/p>\n<p>Sausio 13-\u0105ja \u0160iauliuose bus organizuojama ir daugiau rengini\u0173, skirt\u0173 \u012fprasminti Laisv\u0117s gyn\u0117j\u0173 dien\u0105. 8 val. ryte miesto \u012fstaigos, organizacijos ir visi \u0161iaulie\u010diai raginami languose u\u017edegti atminimo \u017evakeles, taip prisijungiant \u012f visoje Lietuvoje telkiam\u0105 pilietin\u0119 akcij\u0105 \u201ePergal\u0117s \u0161viesa\u201c, skirt\u0105 pagerbti \u017euvusiuosius. 16\u201320 val. Prisik\u0117limo aik\u0161t\u0117je degs atminimo lau\u017eai.<\/p>\n<p>Vis\u0105 rengini\u0173 program\u0105 galima rasti \u0160iauli\u0173 miesto savivaldyb\u0117s (www.siauliai.lt) ir \u0160iauli\u0173 kult\u016bros centro (www.siauliukc.lt) interneto svetain\u0117se.<\/p>\n<p><span style=\"font-size: 10pt;\"><em>\u2022 Informacij\u0105 teikia \u0160iauli\u0173 kult\u016bros centro Rengini\u0173 organizavimo skyriaus ved\u0117ja Asta Vaitkien\u0117, mob. +370 671 42 901, e. p. asta.vaitkiene@siauliukc.lt.<\/em><\/span><\/p>\n<div class=\"g g-43\">\n<div class=\"g-single a-213\"><img decoding=\"async\" src=\"https:\/\/miestonaujienos.lt\/wp-content\/uploads\/2015\/12\/pranesimu-spaudai-platinimas.jpg\" width=\"100%\"\/><\/div>\n<\/div>\n<\/div>\n<p><script>(function(d, s, id) {\nvar js, fjs = d.getElementsByTagName(s)[0];\nif (d.getElementById(id)) return;\njs = d.createElement(s); js.id = id;\njs.src = \"\/\/connect.facebook.net\/lt_LT\/sdk.js#xfbml=1&version=v2.10\";\nfjs.parentNode.insertBefore(js, fjs);\n}(document, 'script', 'facebook-jssdk'));<\/script><br \/>\n<br \/><br \/>\n<br \/><a href=\"https:\/\/miestonaujienos.lt\/laisves-lauzai-siauliecius-subure-pagerbti-sausio-13-osios-didvyrius\/\">Source link <\/a><\/p>\n","protected":false},"excerpt":{"rendered":"<p>2025 m. sausio 13-osios i\u0161vakar\u0117se, sekmadien\u012f, \u0160iauliuose buvo pagerbti kovotojai u\u017e laisv\u0119. Lietuvai reik\u0161mingos dienos min\u0117jimas prasid\u0117jo \u017euvusi\u0173j\u0173 atminimu \u0160v. apa\u0161tal\u0173 Petro ir Pauliaus katedroje, t\u0119s\u0117si miesto \u0161irdyje \u2013 Prisik\u0117limo aik\u0161t\u0117je, kur koncertine programa ir degusiais atminimo lau\u017eais \u012fprasmintas nebl\u0117stantis \u017emoni\u0173 ry\u017etas kovoti u\u017e tai, kas kiekvienam \u0161alies pilie\u010diui brangiausia \u2013 laisv\u0117. MN 15 | [&hellip;]<\/p>\n","protected":false},"author":1,"featured_media":1498,"comment_status":"","ping_status":"","sticky":false,"template":"","format":"standard","meta":{"om_disable_all_campaigns":false,"_monsterinsights_skip_tracking":false,"_monsterinsights_sitenote_active":false,"_monsterinsights_sitenote_note":"","_monsterinsights_sitenote_category":0,"footnotes":""},"categories":[4],"tags":[2914,2915,2911,2912,644,2553,2913,1898],"class_list":["post-1497","post","type-post","status-publish","format-standard","has-post-thumbnail","hentry","category-miesto-naujienos-renginiai","tag-13osios","tag-didvyrius","tag-laisves","tag-lauzai","tag-pagerbti","tag-sausio","tag-siauliecius","tag-subure"],"aioseo_notices":[],"_links":{"self":[{"href":"https:\/\/infonaujiena.lt\/index.php\/wp-json\/wp\/v2\/posts\/1497","targetHints":{"allow":["GET"]}}],"collection":[{"href":"https:\/\/infonaujiena.lt\/index.php\/wp-json\/wp\/v2\/posts"}],"about":[{"href":"https:\/\/infonaujiena.lt\/index.php\/wp-json\/wp\/v2\/types\/post"}],"author":[{"embeddable":true,"href":"https:\/\/infonaujiena.lt\/index.php\/wp-json\/wp\/v2\/users\/1"}],"replies":[{"embeddable":true,"href":"https:\/\/infonaujiena.lt\/index.php\/wp-json\/wp\/v2\/comments?post=1497"}],"version-history":[{"count":0,"href":"https:\/\/infonaujiena.lt\/index.php\/wp-json\/wp\/v2\/posts\/1497\/revisions"}],"wp:featuredmedia":[{"embeddable":true,"href":"https:\/\/infonaujiena.lt\/index.php\/wp-json\/wp\/v2\/media\/1498"}],"wp:attachment":[{"href":"https:\/\/infonaujiena.lt\/index.php\/wp-json\/wp\/v2\/media?parent=1497"}],"wp:term":[{"taxonomy":"category","embeddable":true,"href":"https:\/\/infonaujiena.lt\/index.php\/wp-json\/wp\/v2\/categories?post=1497"},{"taxonomy":"post_tag","embeddable":true,"href":"https:\/\/infonaujiena.lt\/index.php\/wp-json\/wp\/v2\/tags?post=1497"}],"curies":[{"name":"wp","href":"https:\/\/api.w.org\/{rel}","templated":true}]}}