{"id":1863,"date":"2025-02-19T06:47:47","date_gmt":"2025-02-19T06:47:47","guid":{"rendered":"https:\/\/infonaujiena.lt\/index.php\/2025\/02\/19\/kauno-miesto-savivaldybe-atnaujintas-dainu-slenis-turi-nauja-operatoriu-kauno-kulturos-centra\/"},"modified":"2025-02-19T06:47:47","modified_gmt":"2025-02-19T06:47:47","slug":"kauno-miesto-savivaldybe-atnaujintas-dainu-slenis-turi-nauja-operatoriu-kauno-kulturos-centra","status":"publish","type":"post","link":"https:\/\/infonaujiena.lt\/index.php\/2025\/02\/19\/kauno-miesto-savivaldybe-atnaujintas-dainu-slenis-turi-nauja-operatoriu-kauno-kulturos-centra\/","title":{"rendered":"Kauno miesto savivaldyb\u0117 Atnaujintas Dain\u0173 sl\u0117nis turi nauj\u0105 operatori\u0173 \u2013 Kauno kult\u016bros centr\u0105"},"content":{"rendered":"<p> <br \/>\n<\/p>\n<div>\n<ol class=\"breadcrumb\">\n<li>Prad\u017eia<\/li>\n<li>Naujienos<\/li>\n<li>Atnaujintas Dain\u0173 sl\u0117nis turi nauj\u0105 operatori\u0173 \u2013 Kauno kult\u016bros centr\u0105<\/li>\n<\/ol>\n<div class=\"post_featured_img_wrap\"><\/div>\n<div class=\"post_date\">\n<p>Paskelbta: 2025-02-18 (Antradienis)<\/p>\n<\/p><\/div>\n<\/p><\/div>\n<div data-post-id=\"188854\">\n<p><b>Kauno miesto savivaldyb\u0117 patik\u0117jimo teise perdav\u0117 Dain\u0173 sl\u0117n\u012f ir jo infrastrukt\u016br\u0105 Kauno kult\u016bros centrui. Naujasis objekto operatorius \u012fsipareigoja erdves tinkamai pri\u017ei\u016br\u0117ti,\u00a0 u\u017etikrinti komercini\u0173, kult\u016brini\u0173, sporto, bendruomen\u0117s rengini\u0173 ir kit\u0173 paslaug\u0173 organizavim\u0105. Tok\u012f sprendim\u0105 antradienio pos\u0117dyje patvirtino Kauno miesto taryba.<\/b><\/p>\n<p><span style=\"font-weight: 400\">Nuo \u0161iol Kauno kult\u016bros centras (KKC) administruos Dain\u0173 sl\u0117n\u012f, jame esan\u010dius pastatus ir kit\u0105 infrastrukt\u016br\u0105. Tai leis efektyviau panaudoti amfiteatrines trib\u016bnas su naujai sumontuotais suolais, pagrindin\u0119 aik\u0161t\u0119, kasas ir kitus pastatus, u\u017etikrinant tinkam\u0105 nekilnojamojo turto prie\u017ei\u016br\u0105 bei eksploatavim\u0105. <\/span><\/p>\n<p><span style=\"font-weight: 400\">Naujasis operatorius \u012fsipareigoja Dain\u0173 sl\u0117nyje organizuoti \u012fvairias kult\u016brines, muzikos, sporto, \u0161vietimo ir kitas veiklas. Taip pat u\u017etikrinti, kad \u010dia vykt\u0173 repeticijos, komerciniai ir nemokami koncertai, treniruot\u0117s bei var\u017eybos, bendruomen\u0117s renginiai.<\/span><\/p>\n<p><span style=\"font-weight: 400\">\u201eKauno sakrali erdv\u0117 \u2013 Dain\u0173 sl\u0117nis \u2013 patikimose rankose. Kauno kult\u016bros centras jau dabar prisideda ir organizuoja plataus spektro renginius: nuo valstybini\u0173 min\u0117jim\u0173, Aviacijos \u0161vent\u0117s, Dain\u0173 dainos Kaune iki diskusij\u0173, parod\u0173, spektakli\u0173 ir kit\u0173 menini\u0173 rengini\u0173. <\/span><\/p>\n<p><span style=\"font-weight: 400\">Patik\u0117dami jiems Dain\u0173 sl\u0117n\u012f, galime neabejoti, kad kult\u016brin\u0117je erdv\u0117je\u00a0 veiksmo netr\u016bks, ji taps dar patrauklesn\u0117 ne tik vietiniams, bet ir u\u017esienie\u010diams\u201c, \u2013 sak\u0117 Kauno miesto savivaldyb\u0117s administracijos direktorius Tadas Metelionis.<\/span><\/p>\n<p><img fetchpriority=\"high\" decoding=\"async\" class=\"alignnone size-full wp-image-188856\" src=\"https:\/\/www.kaunas.lt\/wp-content\/uploads\/sites\/13\/2025\/02\/20240807-JLA_2091-scaled.jpg\" alt=\"\" width=\"2560\" height=\"1703\" srcset=\"https:\/\/www.kaunas.lt\/wp-content\/uploads\/sites\/13\/2025\/02\/20240807-JLA_2091-scaled.jpg 2560w, https:\/\/www.kaunas.lt\/wp-content\/uploads\/sites\/13\/2025\/02\/20240807-JLA_2091-300x200.jpg 300w, https:\/\/www.kaunas.lt\/wp-content\/uploads\/sites\/13\/2025\/02\/20240807-JLA_2091-1024x681.jpg 1024w, https:\/\/www.kaunas.lt\/wp-content\/uploads\/sites\/13\/2025\/02\/20240807-JLA_2091-768x511.jpg 768w, https:\/\/www.kaunas.lt\/wp-content\/uploads\/sites\/13\/2025\/02\/20240807-JLA_2091-1536x1022.jpg 1536w, https:\/\/www.kaunas.lt\/wp-content\/uploads\/sites\/13\/2025\/02\/20240807-JLA_2091-2048x1362.jpg 2048w, https:\/\/www.kaunas.lt\/wp-content\/uploads\/sites\/13\/2025\/02\/20240807-JLA_2091-720x480.jpg 720w\" sizes=\"(max-width: 2560px) 100vw, 2560px\"\/><\/p>\n<p><span style=\"font-weight: 400\">Pasak jo, po rekonstrukcijos ir s\u0117kmingai nuaid\u0117jus<\/span><span>io Dain\u0173 \u0161vent\u0117s 100-me\u010dio, susid<\/span>om\u0117jimas Dain\u0173 sl\u0117niu \u017eenkliai i\u0161aug\u0119s. Erdv\u0117 su 10 t\u016bkst. viet\u0173 amfiteatrin\u0117mis trib\u016bnomis, persirengimo ir grimo kambariais, sanitariniais mazgais, administracinis paviljonas su\u00a0 biliet\u0173 kasomis tapo patrauklia vieta rengini\u0173 organizatoriams.<\/p>\n<p><span style=\"font-weight: 400\">Vien \u0161i\u0105 vasar\u0105 Dain\u0173 sl\u0117nyje planuojama surengti 5 didelius renginius, tarp kuri\u0173 pop muzikos k\u016br\u0117jo Roko Yan solinis koncertas, klasikin\u0117s muzikos \u201ecrossover\u201c \u017eanro pradinink\u0173, pasaulinio garso grup\u0117s \u201eIl Divo\u201c pasirodym\u0105. Dar trij\u0173 u\u017esienio atlik\u0117j\u0173 koncertai bus skelbiami artimiausiu metu.<\/span><\/p>\n<p><span style=\"font-weight: 400\">Turtas KKC perduodamas patik\u0117jimo teise neterminuotam laikui, ta\u010diau ir toliau lieka Kauno miesto savivaldyb\u0117s nuosavybe.<\/span><\/p>\n<p style=\"text-align: right\"><i><span style=\"font-weight: 400\">Ry\u0161i\u0173 su visuomene informacija<\/span><\/i><\/p>\n<\/p><\/div>\n<p><script>\n(function(d, s, id) {\n  var js, fjs = d.getElementsByTagName(s)(0);\n  if (d.getElementById(id)) return;\n  js = d.createElement(s); js.id = id;\n  js.src = \"\/\/connect.facebook.net\/lt_LT\/sdk.js#xfbml=1&version=v2.5&appId=118913718193570\";\n  fjs.parentNode.insertBefore(js, fjs);\n}(document, 'script', 'facebook-jssdk'));<\/script><script>(function(d, s, id) {\n\t\t\t\t\t\t\t\t\t\t\t  var js, fjs = d.getElementsByTagName(s)(0);\n\t\t\t\t\t\t\t\t\t\t\t  if (d.getElementById(id)) return;\n\t\t\t\t\t\t\t\t\t\t\t  js = d.createElement(s); js.id = id;\n\t\t\t\t\t\t\t\t\t\t\t  js.src = \"\/\/connect.facebook.net\/lt_LT\/sdk.js#xfbml=1&version=v2.3&appId=118913718193570\";\n\t\t\t\t\t\t\t\t\t\t\t  fjs.parentNode.insertBefore(js, fjs);\n\t\t\t\t\t\t\t\t\t\t\t}(document, 'script', 'facebook-jssdk'));\n\t\t\t\t\t\t\t\t\t\t\t<\/script><br \/>\n<br \/><br \/>\n<br \/><a href=\"https:\/\/www.kaunas.lt\/2025\/02\/18\/atnaujintas-dainu-slenis-turi-nauja-operatoriu-kauno-kulturos-centra\/\">Source link <\/a><\/p>\n","protected":false},"excerpt":{"rendered":"<p>Prad\u017eia Naujienos Atnaujintas Dain\u0173 sl\u0117nis turi nauj\u0105 operatori\u0173 \u2013 Kauno kult\u016bros centr\u0105 Paskelbta: 2025-02-18 (Antradienis) Kauno miesto savivaldyb\u0117 patik\u0117jimo teise perdav\u0117 Dain\u0173 sl\u0117n\u012f ir jo infrastrukt\u016br\u0105 Kauno kult\u016bros centrui. Naujasis objekto operatorius \u012fsipareigoja erdves tinkamai pri\u017ei\u016br\u0117ti,\u00a0 u\u017etikrinti komercini\u0173, kult\u016brini\u0173, sporto, bendruomen\u0117s rengini\u0173 ir kit\u0173 paslaug\u0173 organizavim\u0105. Tok\u012f sprendim\u0105 antradienio pos\u0117dyje patvirtino Kauno miesto taryba. Nuo [&hellip;]<\/p>\n","protected":false},"author":1,"featured_media":1864,"comment_status":"","ping_status":"","sticky":false,"template":"","format":"standard","meta":{"om_disable_all_campaigns":false,"_monsterinsights_skip_tracking":false,"_monsterinsights_sitenote_active":false,"_monsterinsights_sitenote_note":"","_monsterinsights_sitenote_category":0,"footnotes":""},"categories":[4],"tags":[1002,3473,2481,735,190,168,544,3596,1341,3595,2325],"class_list":["post-1863","post","type-post","status-publish","format-standard","has-post-thumbnail","hentry","category-miesto-naujienos-renginiai","tag-atnaujintas","tag-centra","tag-dainu","tag-kauno","tag-kulturos","tag-miesto","tag-nauja","tag-operatoriu","tag-savivaldybe","tag-slenis","tag-turi"],"aioseo_notices":[],"_links":{"self":[{"href":"https:\/\/infonaujiena.lt\/index.php\/wp-json\/wp\/v2\/posts\/1863","targetHints":{"allow":["GET"]}}],"collection":[{"href":"https:\/\/infonaujiena.lt\/index.php\/wp-json\/wp\/v2\/posts"}],"about":[{"href":"https:\/\/infonaujiena.lt\/index.php\/wp-json\/wp\/v2\/types\/post"}],"author":[{"embeddable":true,"href":"https:\/\/infonaujiena.lt\/index.php\/wp-json\/wp\/v2\/users\/1"}],"replies":[{"embeddable":true,"href":"https:\/\/infonaujiena.lt\/index.php\/wp-json\/wp\/v2\/comments?post=1863"}],"version-history":[{"count":0,"href":"https:\/\/infonaujiena.lt\/index.php\/wp-json\/wp\/v2\/posts\/1863\/revisions"}],"wp:featuredmedia":[{"embeddable":true,"href":"https:\/\/infonaujiena.lt\/index.php\/wp-json\/wp\/v2\/media\/1864"}],"wp:attachment":[{"href":"https:\/\/infonaujiena.lt\/index.php\/wp-json\/wp\/v2\/media?parent=1863"}],"wp:term":[{"taxonomy":"category","embeddable":true,"href":"https:\/\/infonaujiena.lt\/index.php\/wp-json\/wp\/v2\/categories?post=1863"},{"taxonomy":"post_tag","embeddable":true,"href":"https:\/\/infonaujiena.lt\/index.php\/wp-json\/wp\/v2\/tags?post=1863"}],"curies":[{"name":"wp","href":"https:\/\/api.w.org\/{rel}","templated":true}]}}