{"id":1964,"date":"2025-04-30T02:36:49","date_gmt":"2025-04-30T02:36:49","guid":{"rendered":"https:\/\/infonaujiena.lt\/index.php\/2025\/04\/30\/kaune-vyks-prestizinis-pasaulio-siuolaikines-penkiakoves-cempionatas\/"},"modified":"2025-05-05T10:12:15","modified_gmt":"2025-05-05T10:12:15","slug":"kaune-vyks-prestizinis-pasaulio-siuolaikines-penkiakoves-cempionatas","status":"publish","type":"post","link":"https:\/\/infonaujiena.lt\/index.php\/2025\/04\/30\/kaune-vyks-prestizinis-pasaulio-siuolaikines-penkiakoves-cempionatas\/","title":{"rendered":"Kaune vyks presti\u017einis pasaulio \u0161iuolaikin\u0117s penkiakov\u0117s \u010dempionatas"},"content":{"rendered":"\n<div>\n<ol class=\"breadcrumb\">\n<li>Prad\u017eia<\/li>\n<li>Naujienos<\/li>\n<li>Oficialu: Kaune vyks presti\u017einis pasaulio \u0161iuolaikin\u0117s penkiakov\u0117s \u010dempionatas<\/li>\n<\/ol>\n<div class=\"post_featured_img_wrap\"><\/div>\n<div class=\"post_date\">\n<p>Paskelbta: 2025-04-29 (Antradienis)<\/p>\n<\/div>\n<\/div>\n<div data-post-id=\"192072\">\n<p><strong><a href=\"http:\/\/mediaagentura.lt\">Lietuvos<\/a> \u0161iuolaikin\u0117s penkiakov\u0117s federacija (L\u0160PF) \u012fgyvendino ilgai puosel\u0117t\u0105 plan\u0105 \u2013 gavo teis\u0119 m\u016bs\u0173 \u0161alyje organizuoti <a href=\"http:\/\/metaplius.lt\">pasaulio<\/a> \u010dempionat\u0105. Svarbiausias \u0161i\u0173 met\u0173 Lietuvos sporto renginys vyks Kaune. Be to, organizatoriai \u012f \u010dempionat\u0105 \u017eada pritraukti ne tik ry\u0161kiausias \u0161ios <a href=\"http:\/\/naujausioszinios.lt\">sporto \u0161akos<\/a> planetos \u017evaig\u017edes, bet ir sukurti \u012fsp\u016bding\u0105 \u0161vent\u0119 \u017ei\u016brovams.<\/strong><\/p>\n<p>Pasaulio suaugusi\u0173j\u0173 \u0161iuolaikin\u0117s penkiakov\u0117s \u010dempionatas \u2013 pirmosios tokio auk\u0161to lygio olimpini\u0173 sport\u0173 \u0161ak\u0173 var\u017eybos <a href=\"http:\/\/naujienuagentura.lt\">Lietuvos<\/a> istorijoje. <a href=\"https:\/\/webstudio.lt\/tekstu-rasymas-ir-turinio-kurimas\/\">Tekst\u0173 ra\u0161ymas ir turinio k\u016brimas<\/a>. Tarptautin\u0117s \u0161iuolaikin\u0117s penkiakov\u0117s s\u0105junga (UIPM) tik gruod\u012f paskelb\u0117, kad b\u016btent m\u016bs\u0173 \u0161aliai <a href=\"http:\/\/namuremontas.lt\">suteikta teis\u0117<\/a> rengti \u0161ias var\u017eybas. Pasitelkus \u012f pagalb\u0105 Kauno miesto savivaldyb\u0119 ir \u201e\u017dalgirio\u201c aren\u0105, atsirado galimyb\u0117 \u010dempionat\u0105 rugpj\u016b\u010dio 26\u201330 d. organizuoti auk\u0161\u010diausio lygio <a href=\"http:\/\/palangoszinios.lt\">Lietuvos arenoje<\/a>.<\/p>\n<p>\u201eD\u017eiaugiam\u0117s, kad vis daugiau <a href=\"http:\/\/serguplius.lt\">sporto \u0161ak\u0173<\/a> atkeliauja \u012f Kaun\u0105. Tai did\u017eiulis \u012fvertinimas miestui, kuris jau turi nuostab\u0173 Dariaus ir Gir\u0117no stadion\u0105, sporto hal\u0119, olimpini\u0173 <a href=\"http:\/\/spaudospranesimai.lt\">standart\u0173<\/a> basein\u0105 Nemuno saloje. <a href=\"https:\/\/webstudio.lt\/marketingo-paslaugos\/\">Marketingo paslaugos<\/a> Netrukus atidarysime lengvosios atletikos manie\u017e\u0105. A\u010di\u016b \u010dempionato organizatoriams u\u017e pasitik\u0117jim\u0105 miestu, prisid\u0117sime prie i\u0161skirtinio renginio, kad viskas b\u016bt\u0173 auk\u0161\u010diausiame lygyje\u201c, \u2013 teig\u0117 Kauno <a href=\"http:\/\/ziniosplius.lt\">vicemeras<\/a> Mantas Jurgutis.<\/p>\n<p><img loading=\"lazy\" decoding=\"async\" class=\"alignnone wp-image-192078\" src=\"https:\/\/www.kaunas.lt\/wp-content\/uploads\/sites\/13\/2025\/04\/20250429-130729-RSV_6479-300x200.jpg\" sizes=\"auto, (max-width: 1107px) 100vw, 1107px\" srcset=\"https:\/\/www.kaunas.lt\/wp-content\/uploads\/sites\/13\/2025\/04\/20250429-130729-RSV_6479-300x200.jpg 300w, https:\/\/www.kaunas.lt\/wp-content\/uploads\/sites\/13\/2025\/04\/20250429-130729-RSV_6479-768x511.jpg 768w, https:\/\/www.kaunas.lt\/wp-content\/uploads\/sites\/13\/2025\/04\/20250429-130729-RSV_6479-1536x1022.jpg 1536w, https:\/\/www.kaunas.lt\/wp-content\/uploads\/sites\/13\/2025\/04\/20250429-130729-RSV_6479-2048x1363.jpg 2048w, https:\/\/www.kaunas.lt\/wp-content\/uploads\/sites\/13\/2025\/04\/20250429-130729-RSV_6479-720x480.jpg 720w\" alt=\"\" width=\"1107\" height=\"738\" \/><\/p>\n<p>\u201ePlanavome gauti teis\u0119 presti\u017ei\u0161kiausias \u0161iuolaikin\u0117s penkiakov\u0117s var\u017eybas \u2013 pasaulio suaugusi\u0173j\u0173 \u010dempionat\u0105 \u2013 surengti Lietuvoje 2028 m. ir planavome, kad nuostabiausia vieta jam vykti gal\u0117t\u0173 b\u016bti \u201e\u017dalgirio\u201c arena. \u017dinojome, kad finansi\u0161kai tai b\u016bt\u0173 didel\u0117 na\u0161ta m\u016bs\u0173 federacijai, bet buvome tam pasireng\u0119 ir kryptingai dirbome, nes tokio lygio var\u017eybos itin solidus pripa\u017einimas ne tik m\u016bs\u0173 bendruomenei, bet ir \u0161aliai. Net nesapnavome, kad karuselei taip apsisukus, \u0161\u012f ambicing\u0105 tiksl\u0105 \u012fgyvendinsime jau \u0161iemet. Kaunas tampa \u0161iuolaikin\u0117s penkiakov\u0117s sostine\u201c, \u2013 sak\u0117 L\u0160PF prezidentas Aistis Baronas.<\/p>\n<p><strong>Kaune \u2013 ry\u0161kiausios \u0161iuolaikin\u0117s penkiakov\u0117s \u017evaig\u017ed\u0117s<\/strong><\/p>\n<p>Pasaulio \u0161iuolaikin\u0117s penkiakov\u0117s \u010dempionate Kaune laukiama daugiau nei 40 valstybi\u0173 atstov\u0173, tarp kuri\u0173 bus ir stipriausi\u0173 planetos penkiakovinink\u0173. Galutinis dalyvi\u0173 s\u0105ra\u0161as paai\u0161k\u0117s likus ma\u017edaug m\u0117nesiui iki renginio. \u010cempionate netr\u016bks ir naujovi\u0173. Nuo \u0161iol moter\u0173 ir vyr\u0173 var\u017eybose \u0161aliai gali atstovauti nebe po keturis, o po a\u0161tuonis sportininkus. Taigi auk\u0161\u010diausio lygio var\u017eyb\u0173 patirties sav\u0173 \u017ei\u016brov\u0173 akivaizdoje gal\u0117s pasisemti talentingiausi Lietuvos penkiakovininkai. Planuojama, kad m\u016bs\u0173 \u0161alies rinktinei atstovaus po a\u0161tuonis sportininkus moter\u0173 ir vyr\u0173 var\u017eybose.<\/p>\n<p>\u201e\u0160is \u010dempionatas yra istorinis \u012fvykis \u0161iuolaikinei penkiakovei ir visam Lietuvos sportui. Tai did\u017eiul\u0117 \u0161vent\u0117 ir atsakomyb\u0117, kad galime tur\u0117ti tokio dyd\u017eio rengin\u012f. Savos nam\u0173 sienos ir \u017ei\u016brovai bus labai svarbus ir pad\u0117s visiems Lietuvos penkiakovininkams\u201c, \u2013 d\u017eiaug\u0117si Lietuvos \u010dempion\u0117 Elz\u0117 Adomaityt\u0117.<\/p>\n<p><img loading=\"lazy\" decoding=\"async\" class=\"alignnone  wp-image-192083\" src=\"https:\/\/www.kaunas.lt\/wp-content\/uploads\/sites\/13\/2025\/04\/20250429-131312-RSV_6543-1-300x185.jpg\" sizes=\"auto, (max-width: 1210px) 100vw, 1210px\" srcset=\"https:\/\/www.kaunas.lt\/wp-content\/uploads\/sites\/13\/2025\/04\/20250429-131312-RSV_6543-1-300x185.jpg 300w, https:\/\/www.kaunas.lt\/wp-content\/uploads\/sites\/13\/2025\/04\/20250429-131312-RSV_6543-1-1024x630.jpg 1024w, https:\/\/www.kaunas.lt\/wp-content\/uploads\/sites\/13\/2025\/04\/20250429-131312-RSV_6543-1-768x472.jpg 768w\" alt=\"\" width=\"1210\" height=\"746\" \/><\/p>\n<p><strong>\u201e\u017dalgirio\u201c arena \u2013 ideali \u0161iuolaikin\u0117s penkiakov\u0117s var\u017eyboms<\/strong><\/p>\n<p>Ne tik Lietuvoje, bet ir visame pasaulyje sud\u0117tinga rasti aren\u0105, kurioje \u0161iuolaikin\u0117s penkiakov\u0117s var\u017eybos gal\u0117t\u0173 vykti po vienu stogu. \u201e\u017dalgirio\u201c arena tam idealiai tinka \u2013 per pasaulio \u010dempionat\u0105 fechtavimo, kli\u016b\u010di\u0173 ruo\u017eo ir b\u0117gimo\u2013\u0161audymo rungtys vyks pagrindin\u0117je arenoje, o plaukimas \u2013 arenos baseine. \u0160iandien var\u017eyb\u0173 viet\u0105 ap\u017ei\u016br\u0117jo ir UIPM prezidentas Rob Stull.<\/p>\n<p>\u201eNe\u017einau, ar galiu b\u016bti laimingesnis, arena nuostabi. Esu naujas UIPM prezidentas ir d\u017eiugu, kad m\u016bs\u0173 sporto \u0161aka rodo, kad yra lanksti sporto \u0161aka. \u0160iuolaikin\u0117 penkiakov\u0117 buvo tradicin\u0117 lauko sporto \u0161aka, o dabar persikeliame \u012f vid\u0173 ir i\u0161laikome auk\u0161t\u0105 presti\u017eo ir kokyb\u0117s lyg\u012f. Tai didelis ir svarbus \u017eingsnis \u012f priek\u012f. Akivaizdu, kad Lietuva turi puikias \u0161iuolaikin\u0117s penkiakov\u0117s tradicijas ir sureng\u0117 daug auk\u0161to lygio \u010dempionat\u0173. \u201e\u017dalgirio\u201c arena fantasti\u0161ka ir nekantriai laukiu pasaulio \u010dempionato\u201c, \u2013 kalb\u0117jo R. Stull.<\/p>\n<p>Nuo \u0161i\u0173 met\u0173 dar kart\u0105 pasikeit\u0117 \u0161iuolaikin\u0117s penkiakov\u0117s var\u017eyb\u0173 formatas \u2013 jojimo rungt\u012f oficialiai pakeit\u0117 kli\u016b\u010di\u0173 ruo\u017eas ir visos var\u017eybos sutrump\u0117jo iki pusantros valandos. D\u0117l \u0161i\u0173 poky\u010di\u0173 \u0161iuolaikin\u0117s penkiakov\u0117s var\u017eybos tampa patrauklesn\u0117s ir televizijos transliacijoms, ir \u017ei\u016brovams. L\u0160PF per pasaulio \u0161iuolaikin\u0117s penkiakov\u0117s \u010dempionat\u0105 planuoja ne tik sportin\u0119 program\u0105, bet ir pramogas bei kitas aktyvias veiklas \u017ei\u016brovams, kurios praturtins renginio patirt\u012f. Negana to, prie organizatori\u0173 prisijung\u0117 svarbiausius \u0161alies muzikos apdovanojimus M.A.M.A. ir kitus did\u017eiausius renginius organizuojanti komanda.<\/p>\n<p>\u201ePer daugel\u012f met\u0173 \u0161iuolaikin\u0117s penkiakov\u0117s var\u017eybos nuo penki\u0173 dien\u0173 trump\u0117ja iki pusantros valandos ir \u0161is konceptas labai pritraukia \u017ei\u016brov\u0173 d\u0117mes\u012f, nes jie gali labiau \u012fsitraukti ir i\u0161 vienos k\u0117d\u0117s steb\u0117ti var\u017eybas. Pramogin\u0117 dalis su \u0161ou elementais tampa svarbia trump\u0173 pertrauk\u0173 tarp rung\u010di\u0173 dalimi ir suteikia \u017ei\u016brovams ger\u0173 emocij\u0173. Sekame UIPM rekomendacijas ir paskutinis pasaulio taur\u0117s etapas, vyk\u0119s u\u017edaroje arenoje Budape\u0161te, \u012frod\u0117, kad \u0161iuolaikin\u0117s penkiakov\u0117s var\u017eybos i\u0161augo \u012f labai patrauklius renginius\u201c, \u2013 sako J. Kinderis.<\/p>\n<p><img loading=\"lazy\" decoding=\"async\" class=\"alignnone wp-image-192082\" src=\"https:\/\/www.kaunas.lt\/wp-content\/uploads\/sites\/13\/2025\/04\/20250429-133735-RSV_6786-300x200.jpg\" sizes=\"auto, (max-width: 1212px) 100vw, 1212px\" srcset=\"https:\/\/www.kaunas.lt\/wp-content\/uploads\/sites\/13\/2025\/04\/20250429-133735-RSV_6786-300x200.jpg 300w, https:\/\/www.kaunas.lt\/wp-content\/uploads\/sites\/13\/2025\/04\/20250429-133735-RSV_6786-768x511.jpg 768w, https:\/\/www.kaunas.lt\/wp-content\/uploads\/sites\/13\/2025\/04\/20250429-133735-RSV_6786-2048x1363.jpg 2048w, https:\/\/www.kaunas.lt\/wp-content\/uploads\/sites\/13\/2025\/04\/20250429-133735-RSV_6786-720x480.jpg 720w\" alt=\"\" width=\"1212\" height=\"808\" \/><\/p>\n<p>Nuo rytojaus 10 val. ryto prasid\u0117s oficiali biliet\u0173 prekyba \u012f visas \u010dempionato dienas. Bilietus platins Bilietai.lt.<\/p>\n<p>Beje, \u0161i\u0105 vasar\u0105 Lietuvoje bus surengta ir daugiau tarptautini\u0173 \u0161iuolaikin\u0117s penkiakov\u0117s var\u017eyb\u0173. Prie\u0161 pasaulio suaugusi\u0173j\u0173 \u010dempionat\u0105, rugpj\u016b\u010dio 21\u201324 d., Druskininkuose vyks planetos jaunimo (iki 19 met\u0173) pirmenyb\u0117s, o liepos 26\u201331 d. Kaune \u2013 Europos jauni\u0173 (iki 15 met\u0173) ir jaunimo (iki 19 met\u0173) \u010dempionatai.<\/p>\n<\/div>\n<p><script>\n(function(d, s, id) {\n  var js, fjs = d.getElementsByTagName(s)(0);\n  if (d.getElementById(id)) return;\n  js = d.createElement(s); js.id = id;\n  js.src = \"\/\/connect.facebook.net\/lt_LT\/sdk.js#xfbml=1&version=v2.5&appId=118913718193570\";\n  fjs.parentNode.insertBefore(js, fjs);\n}(document, 'script', 'facebook-jssdk'));<\/script><script>(function(d, s, id) {\n\t\t\t\t\t\t\t\t\t\t\t  var js, fjs = d.getElementsByTagName(s)(0);\n\t\t\t\t\t\t\t\t\t\t\t  if (d.getElementById(id)) return;\n\t\t\t\t\t\t\t\t\t\t\t  js = d.createElement(s); js.id = id;\n\t\t\t\t\t\t\t\t\t\t\t  js.src = \"\/\/connect.facebook.net\/lt_LT\/sdk.js#xfbml=1&version=v2.3&appId=118913718193570\";\n\t\t\t\t\t\t\t\t\t\t\t  fjs.parentNode.insertBefore(js, fjs);\n\t\t\t\t\t\t\t\t\t\t\t}(document, 'script', 'facebook-jssdk'));\n\t\t\t\t\t\t\t\t\t\t\t<\/script><\/p>\n\n<p><a href=\"https:\/\/www.kaunas.lt\/2025\/04\/29\/oficialu-kaune-vyks-prestizinis-pasaulio-siuolaikines-penkiakoves-cempionatas\/\">Source link <\/a><\/p>\n","protected":false},"excerpt":{"rendered":"<p>Prad\u017eia Naujienos Oficialu: Kaune vyks presti\u017einis pasaulio \u0161iuolaikin\u0117s penkiakov\u0117s \u010dempionatas Paskelbta: 2025-04-29 (Antradienis) Lietuvos \u0161iuolaikin\u0117s penkiakov\u0117s federacija (L\u0160PF) \u012fgyvendino ilgai puosel\u0117t\u0105 plan\u0105 \u2013 gavo teis\u0119 m\u016bs\u0173 \u0161alyje organizuoti pasaulio \u010dempionat\u0105. Svarbiausias \u0161i\u0173 met\u0173 Lietuvos sporto renginys vyks Kaune. Be to, organizatoriai \u012f \u010dempionat\u0105 \u017eada pritraukti ne tik ry\u0161kiausias \u0161ios sporto \u0161akos planetos \u017evaig\u017edes, bet ir [&hellip;]<\/p>\n","protected":false},"author":1,"featured_media":1965,"comment_status":"closed","ping_status":"closed","sticky":false,"template":"","format":"standard","meta":{"om_disable_all_campaigns":false,"_monsterinsights_skip_tracking":false,"_monsterinsights_sitenote_active":false,"_monsterinsights_sitenote_note":"","_monsterinsights_sitenote_category":0,"footnotes":""},"categories":[4],"tags":[1411,1025,2304,3752,3750,3751,3749],"class_list":["post-1964","post","type-post","status-publish","format-standard","has-post-thumbnail","hentry","category-miesto-naujienos-renginiai","tag-cempionatas","tag-kaune","tag-pasaulio","tag-penkiakoves","tag-prestizinis","tag-siuolaikines","tag-vyks"],"aioseo_notices":[],"_links":{"self":[{"href":"https:\/\/infonaujiena.lt\/index.php\/wp-json\/wp\/v2\/posts\/1964","targetHints":{"allow":["GET"]}}],"collection":[{"href":"https:\/\/infonaujiena.lt\/index.php\/wp-json\/wp\/v2\/posts"}],"about":[{"href":"https:\/\/infonaujiena.lt\/index.php\/wp-json\/wp\/v2\/types\/post"}],"author":[{"embeddable":true,"href":"https:\/\/infonaujiena.lt\/index.php\/wp-json\/wp\/v2\/users\/1"}],"replies":[{"embeddable":true,"href":"https:\/\/infonaujiena.lt\/index.php\/wp-json\/wp\/v2\/comments?post=1964"}],"version-history":[{"count":2,"href":"https:\/\/infonaujiena.lt\/index.php\/wp-json\/wp\/v2\/posts\/1964\/revisions"}],"predecessor-version":[{"id":1976,"href":"https:\/\/infonaujiena.lt\/index.php\/wp-json\/wp\/v2\/posts\/1964\/revisions\/1976"}],"wp:featuredmedia":[{"embeddable":true,"href":"https:\/\/infonaujiena.lt\/index.php\/wp-json\/wp\/v2\/media\/1965"}],"wp:attachment":[{"href":"https:\/\/infonaujiena.lt\/index.php\/wp-json\/wp\/v2\/media?parent=1964"}],"wp:term":[{"taxonomy":"category","embeddable":true,"href":"https:\/\/infonaujiena.lt\/index.php\/wp-json\/wp\/v2\/categories?post=1964"},{"taxonomy":"post_tag","embeddable":true,"href":"https:\/\/infonaujiena.lt\/index.php\/wp-json\/wp\/v2\/tags?post=1964"}],"curies":[{"name":"wp","href":"https:\/\/api.w.org\/{rel}","templated":true}]}}