{"id":305,"date":"2024-08-30T16:16:43","date_gmt":"2024-08-30T16:16:43","guid":{"rendered":"https:\/\/infonaujiena.lt\/index.php\/2024\/08\/30\/pagegiu-gimnazijoje-atidaryta-dronu-valdymo-treniruokliu-mokymo-erdve\/"},"modified":"2024-08-30T16:16:43","modified_gmt":"2024-08-30T16:16:43","slug":"pagegiu-gimnazijoje-atidaryta-dronu-valdymo-treniruokliu-mokymo-erdve","status":"publish","type":"post","link":"https:\/\/infonaujiena.lt\/index.php\/2024\/08\/30\/pagegiu-gimnazijoje-atidaryta-dronu-valdymo-treniruokliu-mokymo-erdve\/","title":{"rendered":"Pag\u0117gi\u0173 gimnazijoje atidaryta dron\u0173 valdymo treniruokli\u0173 mokymo erdv\u0117"},"content":{"rendered":"<p> <br \/>\n<\/p>\n<p><\/p>\n<p><strong>Tre\u010diadien\u012f, rugpj\u016b\u010dio 28 d., Pag\u0117gi\u0173 Algimanto Mackaus gimnazijoje i\u0161kilmingai atidaryta bepilo\u010di\u0173 orlaivi\u0173 (dron\u0173) valdymo treniruokli\u0173 mokymo erdv\u0117. \u0160i moderni klas\u0117, skirta ugdyti jaunuosius dron\u0173 pilotus, buvo \u012frengta bendradarbiaujant su Lietuvos \u0161auli\u0173 s\u0105junga ir UAB \u201eRSI Europe\u201c.<\/strong><\/p>\n<p>Atidarymo ceremonijoje dalyvavo garbingi sve\u010diai: Pag\u0117gi\u0173 savivaldyb\u0117s meras Vaidas Bendaravi\u010dius, vicemer\u0117 Au\u0161ra Zongailien\u0117, UAB \u201eRSI Europe\u201c vadovas Tomas Mila\u0161auskas, Lietuvos \u0161auli\u0173 s\u0105jungos vadas plk. ltn. Linas Idzelis, LDK K\u0119stu\u010dio \u0161auli\u0173 (Taurag\u0117s apskr.) 7-osios rinktin\u0117s vadas ats. mjr. K\u0119stutis Bau\u017ea, gimnazijos direktorius Vaclovas Navickas bei Pag\u0117gi\u0173 \u0161auliai.<\/p>\n<p>Mokymo klas\u0117je \u012frengti keturi kompiuteriai su specializuotais dron\u0173 pilotavimui skirtais pultais bei pilnai paruo\u0161ta programine \u012franga. \u0160iuos pa\u017eangius simuliatorius dovanojo FPV dron\u0173 gamintojas RSI Europe, vadovaujamas Tomo Mila\u0161ausko. Anot vadovo, dronai turi mil\u017eini\u0161k\u0105 reik\u0161m\u0119 ne tik civilin\u0117je, bet ir karinio saugumo srityje, o mokydami jaunim\u0105 valdyti \u0161iuos orlaivius, prisidedame prie \u0161alies gynybini\u0173 paj\u0117gum\u0173 stiprinimo.<\/p>\n<p>Pag\u0117gi\u0173 savivaldyb\u0117s meras Vaidas Bendaravi\u010dius taip pat pasidalino savo mintimis: \u201eD\u017eiaugiuosi matydamas, kad m\u016bs\u0173 mieste atsiranda vis daugiau galimybi\u0173 jaunimui mokytis ir tobul\u0117ti. \u0160i naujoji dron\u0173 mokymo erdv\u0117 \u2013 tai puikus pavyzdys, kaip inovacijos gali b\u016bti s\u0117kmingai panaudotos ugdant jaun\u0105j\u0105 kart\u0105.<\/p>\n<p>Dron\u0173 valdymo \u012fg\u016bd\u017eiai \u0161iandien tampa ne tik aktual\u016bs, bet ir b\u016btini, tod\u0117l tikiu, kad \u0161i erdv\u0117 pad\u0117s m\u016bs\u0173 jaunimui ne tik \u012fgyti nauj\u0173 \u017eini\u0173, bet ir ugdyti atsakomyb\u0119, patriotizm\u0105 bei prisid\u0117s prie j\u0173 ateities karjeros galimybi\u0173.\u201c<\/p>\n<p>\u0160i nauja erdv\u0117 Pag\u0117gi\u0173 Algimanto Mackaus gimnazijoje atveria galimybes mokiniams tobul\u0117ti, \u012fgyti praktini\u0173 \u012fg\u016bd\u017ei\u0173 bei susipa\u017einti su technologijomis, kurios spar\u010diai kei\u010dia pasaul\u012f. Bendradarbiaujant su Lietuvos \u0161auli\u0173 s\u0105junga, buvo nuspr\u0119sta \u012frengti \u0161i\u0105 mokymo erdv\u0119 tam, kad jauni \u017emon\u0117s gal\u0117t\u0173 ne tik mokytis valdyti dronus, bet ir ugdyti patriotines vertybes, suprasti technologij\u0173 reik\u0161m\u0119 gynyboje bei \u0161alies saugumo stiprinime.<\/p>\n<p>Daugiau naujien\u0173 rasite portale Miesto naujienos.<\/p>\n<p><br \/>\n<br \/><a href=\"https:\/\/miestonaujienos.lt\/pagegiu-gimnazijoje-atidaryta-dronu-valdymo-treniruokliu-mokymo-erdve\/\">Source link <\/a><\/p>\n","protected":false},"excerpt":{"rendered":"<p>Tre\u010diadien\u012f, rugpj\u016b\u010dio 28 d., Pag\u0117gi\u0173 Algimanto Mackaus gimnazijoje i\u0161kilmingai atidaryta bepilo\u010di\u0173 orlaivi\u0173 (dron\u0173) valdymo treniruokli\u0173 mokymo erdv\u0117. \u0160i moderni klas\u0117, skirta ugdyti jaunuosius dron\u0173 pilotus, buvo \u012frengta bendradarbiaujant su Lietuvos \u0161auli\u0173 s\u0105junga ir UAB \u201eRSI Europe\u201c. Atidarymo ceremonijoje dalyvavo garbingi sve\u010diai: Pag\u0117gi\u0173 savivaldyb\u0117s meras Vaidas Bendaravi\u010dius, vicemer\u0117 Au\u0161ra Zongailien\u0117, UAB \u201eRSI Europe\u201c vadovas Tomas Mila\u0161auskas, [&hellip;]<\/p>\n","protected":false},"author":1,"featured_media":306,"comment_status":"open","ping_status":"open","sticky":false,"template":"","format":"standard","meta":{"om_disable_all_campaigns":false,"_monsterinsights_skip_tracking":false,"_monsterinsights_sitenote_active":false,"_monsterinsights_sitenote_note":"","_monsterinsights_sitenote_category":0,"footnotes":""},"categories":[4],"tags":[58,59,63,57,62,56,61,60],"class_list":["post-305","post","type-post","status-publish","format-standard","has-post-thumbnail","hentry","category-miesto-naujienos-renginiai","tag-atidaryta","tag-dronu","tag-erdve","tag-gimnazijoje","tag-mokymo","tag-pagegiu","tag-treniruokliu","tag-valdymo"],"aioseo_notices":[],"_links":{"self":[{"href":"https:\/\/infonaujiena.lt\/index.php\/wp-json\/wp\/v2\/posts\/305","targetHints":{"allow":["GET"]}}],"collection":[{"href":"https:\/\/infonaujiena.lt\/index.php\/wp-json\/wp\/v2\/posts"}],"about":[{"href":"https:\/\/infonaujiena.lt\/index.php\/wp-json\/wp\/v2\/types\/post"}],"author":[{"embeddable":true,"href":"https:\/\/infonaujiena.lt\/index.php\/wp-json\/wp\/v2\/users\/1"}],"replies":[{"embeddable":true,"href":"https:\/\/infonaujiena.lt\/index.php\/wp-json\/wp\/v2\/comments?post=305"}],"version-history":[{"count":0,"href":"https:\/\/infonaujiena.lt\/index.php\/wp-json\/wp\/v2\/posts\/305\/revisions"}],"wp:featuredmedia":[{"embeddable":true,"href":"https:\/\/infonaujiena.lt\/index.php\/wp-json\/wp\/v2\/media\/306"}],"wp:attachment":[{"href":"https:\/\/infonaujiena.lt\/index.php\/wp-json\/wp\/v2\/media?parent=305"}],"wp:term":[{"taxonomy":"category","embeddable":true,"href":"https:\/\/infonaujiena.lt\/index.php\/wp-json\/wp\/v2\/categories?post=305"},{"taxonomy":"post_tag","embeddable":true,"href":"https:\/\/infonaujiena.lt\/index.php\/wp-json\/wp\/v2\/tags?post=305"}],"curies":[{"name":"wp","href":"https:\/\/api.w.org\/{rel}","templated":true}]}}