{"id":48,"date":"2024-07-15T19:01:02","date_gmt":"2024-07-15T19:01:02","guid":{"rendered":"https:\/\/infonaujiena.lt\/index.php\/2024\/07\/15\/siuolaikinio-konferenciju-stalo-evoliucija-rezidencijos-stilius\/"},"modified":"2024-07-15T19:01:02","modified_gmt":"2024-07-15T19:01:02","slug":"siuolaikinio-konferenciju-stalo-evoliucija-rezidencijos-stilius","status":"publish","type":"post","link":"https:\/\/infonaujiena.lt\/index.php\/2024\/07\/15\/siuolaikinio-konferenciju-stalo-evoliucija-rezidencijos-stilius\/","title":{"rendered":"\u0160iuolaikinio konferencij\u0173 stalo evoliucija \u00bb Rezidencijos stilius"},"content":{"rendered":"<p> <br \/>\n<\/p>\n<div itemprop=\"text\">\n<p>Pa\u017eangiausias konferencij\u0173 stalas tapo b\u016btina darbo vietos bald\u0173 dalimi, simbolizuojan\u010dia bendradarbiavim\u0105, dialog\u0105 ir atrank\u0105.  Jo raida rodo platesnes modifikacijas vietoj darbo gyvenimo b\u016bdo, i\u0161d\u0117stymo estetikos ir technologij\u0173 pa\u017eangos.  Nuo kuklios prad\u017eios iki pa\u017eangiausi\u0173 sud\u0117ting\u0173 iteracij\u0173 konferencij\u0173 stalo kelion\u0117 yra \u017eavinga naujovi\u0173 ir leidimo istorija.<\/p>\n<p><strong>Ankstyvoji prad\u017eia<\/strong><\/p>\n<p>Atitinkamo stalo diskusijoms id\u0117ja v\u0117lgi gali b\u016bti siejama su senov\u0117s civilizacijomis.  Senov\u0117s Graikijoje agora buvo vie\u0161oji erdv\u0117, kur gyventojai rinkdavosi kalb\u0117ti apie valstyb\u0117s dalykus.  \u0160ie susib\u016brimai da\u017enai susitelkdavo aplink didel\u012f, lyg\u0173 pavir\u0161i\u0173, tarnaujant\u012f kaip ankstyvas konferencij\u0173 stalo prototipas.  Pana\u0161iai senov\u0117s Romoje kurija rengdavo Senato pos\u0117d\u017eius prie kritini\u0173 stal\u0173.<\/p>\n<p>Viduram\u017eiais masyv\u016bs mediniai stalai nebuvo ne\u012fprasti pilyse ir dvaruose, naudojami \u0161vent\u0117ms ir tarybos pos\u0117d\u017eiams.  \u0160ios lentel\u0117s buvo tvirtos, da\u017enai puo\u0161niai i\u0161rai\u017eytos ir simbolizavo elektr\u0105 bei vald\u017ei\u0105.  Karaliaus Art\u016bro legendos apvalus stalas, kuriame visi riteriai buvo laikomi lygiais, gali b\u016bti matomas kaip ankstyvas konceptualus poslinkis link \u0161iuolaikini\u0173 konferencij\u0173 stal\u0173 egalitarinio pob\u016bd\u017eio.<\/p>\n<p><strong>Konferencij\u0173 stalas<\/strong><\/p>\n<p>Pramon\u0117s revoliucija XVIII ir XIX am\u017eiuje labai pakeit\u0117 biur\u0173 aplink\u0105 <a href=\"https:\/\/officefurnituresupplier.ph\/product-category\/office-furniture\/conference-table\/\"><strong>Konferencij\u0173 stalas<\/strong><\/a>.  Verslui ple\u010diantis, augo poreikis oficiali\u0173 susirinkim\u0173 zon\u0173.  Konferencij\u0173 stalas tapo pagrindiniu \u012fmon\u0117s aplinkos elementu \u2013 nuo \u200b\u200bsunki\u0173 ankstesni\u0173 \u0161imtme\u010di\u0173 medini\u0173 stal\u0173 iki prakti\u0161kesnio dizaino.<\/p>\n<p>Per \u0161\u012f laikotarp\u012f stalai vis dar buvo daugiausia gaminami i\u0161 medini\u0173, ta\u010diau i\u0161d\u0117stymas prad\u0117jo suvokti daugiau galimybi\u0173 ir ma\u017eiau ornament\u0173.  Lentel\u0117s da\u017enai buvo did\u017eiul\u0117s, kvadratin\u0117s ir grie\u017etos, atspindin\u010dios to meto organizacij\u0173 hierarchi\u0161kum\u0105.  Jie buvo sukurti siekiant susidoroti su did\u0117jan\u010diu nari\u0173 skai\u010diumi susirinkimuose ir palengvinti byl\u0173 bei kitos med\u017eiagos gavim\u0105.<\/p>\n<p><strong>Dvide\u0161imtasis am\u017eius: modernizmas ir ergonomika<\/strong><\/p>\n<p>XX am\u017eius atne\u0161\u0117 apytiksliai i\u0161d\u0117stymo princip\u0173 revoliucij\u0105, glaud\u017eiai motyvuot\u0105 modernistinio jud\u0117jimo priemon\u0117mis.  Modernizmas akcentavo paprastum\u0105, funkcionalum\u0105 ir naujausi\u0173 med\u017eiag\u0173 naudojim\u0105.  \u0160is laikotarpis pasteb\u0117jo plieno, stiklo ir kompozicini\u0173 med\u017eiag\u0173 atsiradim\u0105 konferencij\u0173 stal\u0173 konstrukcijoje.<\/p>\n<p>XX am\u017eiaus viduryje i\u0161kilusi ergonomika taip pat \u012fkv\u0117p\u0117 konferencij\u0173 stalo dizain\u0105.  Tobul\u0117jant informacijai apie \u017emogi\u0161kuosius elementus, dizaineriai \u0117m\u0117 atkreipti d\u0117mes\u012f \u012f augan\u010dius stalus, kurie iki \u0161iol nebuvo esteti\u0161kai patraukl\u016bs, bet ir patog\u016bs bei palank\u016bs produktyvumui.  Stalai tapo aptakesni, \u0161varesni\u0173 linij\u0173 ir d\u0117mesingesni\u0173 proporcij\u0173.  D\u0117mesys buvo perkeltas \u012f aplink\u0105, kurioje rekomenduojama dalyvauti ir bendradarbiauti.<\/p>\n<figure class=\"wp-block-image size-large\"><img decoding=\"async\" src=\"https:\/\/thetotaloffice.com\/media\/contentmanager\/content\/Wilkhahn_HCW_1.jpg\" alt=\"\"\/><\/figure>\n<p><strong>Konferencij\u0173 stalas <\/strong><strong>Filipinai<\/strong><\/p>\n<p>Pav\u0117luotas XX ir dvide\u0161imt pirmojo am\u017eiaus prad\u017eia buvo technologij\u0173 sprogimo liudininkas, kuris i\u0161 esm\u0117s pakeit\u0117 susitikim\u0173 organizavimo b\u016bd\u0105. <a href=\"https:\/\/officefurnituresupplier.ph\/\"><strong>Konferencij\u0173 stalas <\/strong><strong>Filipinai<\/strong><\/a>.  Konferencij\u0173 stalai, sukurti taip, kad atitikt\u0173 \u0161iuos technologinius patobulinimus.  Integruotos stipryb\u0117s lizdai, informacijos prievadai ir kabeli\u0173 valdymo strukt\u016bros tapo pla\u010diai paplitusiomis funkcijomis, atspindin\u010diomis did\u0117jan\u010di\u0105 priklausomyb\u0119 nuo skaitmenini\u0173 \u012ftais\u0173.<\/p>\n<p>Vaizdo konferencij\u0173 technologijos suk\u016brimas dar labiau paveik\u0117 konferencij\u0173 lenteli\u0173 dizain\u0105.  Dabar stalai buvo sukurti taip, kad b\u016bt\u0173 lengviau keistis \u017eod\u017eiais toli, su integruotais mikrofonais, garsiakalbiais ir ekranais.  Ai\u0161ki\u0173 vaizdo linij\u0173 ir akustikos tro\u0161kimas tapo itin svarbus, tod\u0117l buvo sukurtos papildomos naujovi\u0161kos stalo formos ir konfig\u016bracijos.<\/p>\n<p><strong>Biuro bald\u0173 tiek\u0117jas<\/strong><\/p>\n<p>Estetiniu po\u017ei\u016briu pa\u017eangiausias konferencij\u0173 stalas i\u0161augo i\u0161 savo pirmtak\u0173.  Nors galimyb\u0117s i\u0161lieka svarbiausios, taip pat didelis d\u0117mesys skiriamas i\u0161d\u0117stymui ir estetikai <a href=\"https:\/\/officefurnituresupplier.ph\/\"><strong>Biuro bald\u0173 tiek\u0117jas<\/strong><\/a>.  \u0160iuolaikiniai stalai nuolat pasi\u017eymi minimalistiniu dizainu, \u0161variais \u012ftempimais ir ne\u012fvertintu gro\u017eiu.  Ta\u010diau gali b\u016bti ir dr\u0105si\u0173 teigini\u0173, nes kelios grup\u0117s pasirenka unikalias, pagal u\u017esakym\u0105 sukurtas lenteles, kurios atspindi j\u0173 emblem\u0105 ir \u012fmon\u0117s tradicijas.<\/p>\n<p>Med\u017eiagos vaidina svarbi\u0105 viet\u0105 kult\u016bringoje konferencij\u0173 stal\u0173 evoliucijoje.  Be standartini\u0173 med\u017eiag\u0173, toki\u0173 kaip mediena ir metalas, dizaineriai dabar eksperimentuoja su stiklu, betonu ar net netradicin\u0117mis med\u017eiagomis, tokiomis kaip anglies pluo\u0161tas ir akrilas.  \u0160i \u012fvairov\u0117 leid\u017eia sukurti daugyb\u0119 stili\u0173 \u2013 nuo \u200b\u200bkomercinio eleganti\u0161ko iki itin modernaus minimalizmo.<\/p>\n<p><strong>I\u0161vada<\/strong><\/p>\n<p>\u0160iuolaikinio konferencij\u0173 stalo raida atspindi platesnius visuomen\u0117s ir technologinius poky\u010dius.  Nuo istorini\u0173 susib\u016brim\u0173 iki \u0161iuolaikini\u0173 bendradarbiavimo centr\u0173 \u2013 konferencij\u0173 stalas paprastai buvo pritaikytas patenkinti savo klient\u0173 poreikius.  Kai mes eisime \u012f priek\u012f, jis neabejotinai atitiks, \u012ftraukdamas naujas technologijas ir i\u0161d\u0117stymo filosofijas, kurios vadovaus nuolat kintan\u010dioje darbo ir bendradarbiavimo aplinkoje.<\/p>\n<\/p><\/div>\n<p><br \/>\n<br \/><a href=\"https:\/\/www.residencestyle.com\/the-evolution-of-the-modern-conference-table\/\">Source link <\/a><\/p>\n","protected":false},"excerpt":{"rendered":"<p>Pa\u017eangiausias konferencij\u0173 stalas tapo b\u016btina darbo vietos bald\u0173 dalimi, simbolizuojan\u010dia bendradarbiavim\u0105, dialog\u0105 ir atrank\u0105. Jo raida rodo platesnes modifikacijas vietoj darbo gyvenimo b\u016bdo, i\u0161d\u0117stymo estetikos ir technologij\u0173 pa\u017eangos. Nuo kuklios prad\u017eios iki pa\u017eangiausi\u0173 sud\u0117ting\u0173 iteracij\u0173 konferencij\u0173 stalo kelion\u0117 yra \u017eavinga naujovi\u0173 ir leidimo istorija. Ankstyvoji prad\u017eia Atitinkamo stalo diskusijoms id\u0117ja v\u0117lgi gali b\u016bti siejama su [&hellip;]<\/p>\n","protected":false},"author":1,"featured_media":49,"comment_status":"open","ping_status":"open","sticky":false,"template":"","format":"standard","meta":{"om_disable_all_campaigns":false,"_monsterinsights_skip_tracking":false,"_monsterinsights_sitenote_active":false,"_monsterinsights_sitenote_note":"","_monsterinsights_sitenote_category":0,"footnotes":""},"categories":[5],"tags":[],"class_list":["post-48","post","type-post","status-publish","format-standard","has-post-thumbnail","hentry","category-bustas-interjeras-remontas"],"aioseo_notices":[],"_links":{"self":[{"href":"https:\/\/infonaujiena.lt\/index.php\/wp-json\/wp\/v2\/posts\/48","targetHints":{"allow":["GET"]}}],"collection":[{"href":"https:\/\/infonaujiena.lt\/index.php\/wp-json\/wp\/v2\/posts"}],"about":[{"href":"https:\/\/infonaujiena.lt\/index.php\/wp-json\/wp\/v2\/types\/post"}],"author":[{"embeddable":true,"href":"https:\/\/infonaujiena.lt\/index.php\/wp-json\/wp\/v2\/users\/1"}],"replies":[{"embeddable":true,"href":"https:\/\/infonaujiena.lt\/index.php\/wp-json\/wp\/v2\/comments?post=48"}],"version-history":[{"count":0,"href":"https:\/\/infonaujiena.lt\/index.php\/wp-json\/wp\/v2\/posts\/48\/revisions"}],"wp:featuredmedia":[{"embeddable":true,"href":"https:\/\/infonaujiena.lt\/index.php\/wp-json\/wp\/v2\/media\/49"}],"wp:attachment":[{"href":"https:\/\/infonaujiena.lt\/index.php\/wp-json\/wp\/v2\/media?parent=48"}],"wp:term":[{"taxonomy":"category","embeddable":true,"href":"https:\/\/infonaujiena.lt\/index.php\/wp-json\/wp\/v2\/categories?post=48"},{"taxonomy":"post_tag","embeddable":true,"href":"https:\/\/infonaujiena.lt\/index.php\/wp-json\/wp\/v2\/tags?post=48"}],"curies":[{"name":"wp","href":"https:\/\/api.w.org\/{rel}","templated":true}]}}