{"id":764,"date":"2024-11-01T02:28:33","date_gmt":"2024-11-01T02:28:33","guid":{"rendered":"https:\/\/infonaujiena.lt\/index.php\/2024\/11\/01\/laiptu-galerija-suspindo-graziausiomis-rudens-spalvomis\/"},"modified":"2024-11-01T02:28:33","modified_gmt":"2024-11-01T02:28:33","slug":"laiptu-galerija-suspindo-graziausiomis-rudens-spalvomis","status":"publish","type":"post","link":"https:\/\/infonaujiena.lt\/index.php\/2024\/11\/01\/laiptu-galerija-suspindo-graziausiomis-rudens-spalvomis\/","title":{"rendered":"\u201eLaipt\u0173 galerija\u201c suspindo gra\u017eiausiomis rudens spalvomis"},"content":{"rendered":"<p> <br \/>\n<\/p>\n<div>\n<div class=\"g g-58\">\n<div class=\"g-single a-224\"><\/div>\n<\/div>\n<p>Spalio 29 dien\u0105 \u0160iauli\u0173 miesto kult\u016bros centras \u201eLaipt\u0173 galerija\u201c suspindo gra\u017eiausiomis rudens spalvomis. \u010cia atidaryta \u0160iauli\u0173 men\u0173 mokyklos k\u016brybi\u0161kumo ugdymo studijos DEKO nari\u0173 paroda RUDENS HARMONIJA.<\/p>\n<blockquote>\n<p>\u201eJ\u016bs\u0173 paroda \u2013 did\u017eiul\u0117 \u0161vent\u0117 \u0160iauliams. Smagu, kad savo darbus rodote ne tik mokyklos erdv\u0117se, bet ir \u010dia, \u201eLaipt\u0173 galerijoje\u201c. Mums didel\u0117 garb\u0117 Jus, jaunieji k\u016br\u0117jai, pristatyti bei parodyti ne tik visam miestui, bet ir i\u0161 svetur atvykusiems lankytojams\u201c, \u2013 parodos atidarymo metu kalb\u0117jo laikinoji \u201eLaipt\u0173 galerijos\u201c vadov\u0117 Kristina Alseik\u0117.<\/p>\n<\/blockquote>\n<p><img decoding=\"async\" loading=\"lazy\" class=\"size-full wp-image-291631 aligncenter\" src=\"https:\/\/miestonaujienos.lt\/wp-content\/uploads\/2024\/10\/2-7.jpg\" alt=\"\" width=\"1230\" height=\"822\" srcset=\"https:\/\/miestonaujienos.lt\/wp-content\/uploads\/2024\/10\/2-7.jpg 1230w, https:\/\/miestonaujienos.lt\/wp-content\/uploads\/2024\/10\/2-7-218x146.jpg 218w\" sizes=\"auto, (max-width: 1230px) 100vw, 1230px\"\/><\/p>\n<p>Prie parodos prisid\u0117jo daugiau kaip keturios de\u0161imtys 1 \u2013 12 klasi\u0173 studijos DEKO meninink\u0173. Kiekvienas j\u0173 \u2013 unikalus, i\u0161skirtinis, turintis sav\u0105 brai\u017e\u0105 bei savit\u0105 pasaulio matym\u0105. \u012e renginio i\u0161kilmes atvyk\u0119s \u0160iauli\u0173 men\u0173 mokyklos direktorius Valerijus Simulik savo aukl\u0117tiniams bei j\u0173 vadovei negail\u0117jo gra\u017ei\u0173 \u017eod\u017ei\u0173.<\/p>\n<p><img decoding=\"async\" loading=\"lazy\" class=\"size-full wp-image-291632 aligncenter\" src=\"https:\/\/miestonaujienos.lt\/wp-content\/uploads\/2024\/10\/3-7.jpg\" alt=\"\" width=\"1230\" height=\"822\" srcset=\"https:\/\/miestonaujienos.lt\/wp-content\/uploads\/2024\/10\/3-7.jpg 1230w, https:\/\/miestonaujienos.lt\/wp-content\/uploads\/2024\/10\/3-7-218x146.jpg 218w\" sizes=\"auto, (max-width: 1230px) 100vw, 1230px\"\/><\/p>\n<blockquote>\n<p>\u201eKiekvienos \u012fstaigos vert\u0117 priklauso nuo to, kokie yra rezultatai. M\u016bs\u0173 bendruomen\u0117s vert\u0117 yra \u0161ie jauni, i\u0161mintingi, \u0161maik\u0161t\u016bs, ie\u0161kantys sprendim\u0173 jaunuomen\u0117s atstovai \u2013 vaikai. D\u017eiaugdamasis j\u0173 rezultatais, noriu pasakyti \u2013 be \u017emogaus, kuris parodyt\u0173, pamokyt\u0173, pagal savo nuojaut\u0105 nukreipt\u0173 ten, kur reikia, neb\u016bt\u0173 t\u0173 gra\u017ei\u0173 rezultat\u0173, t\u0173 gra\u017ei\u0173 k\u016brini\u0173. Tariu \u201ea\u010di\u016b\u201c vadovei Daivai Dominauskienei u\u017e geb\u0117jim\u0105 suburti, pajausti, nukreipti\u201c.<\/p>\n<\/blockquote>\n<p><img decoding=\"async\" loading=\"lazy\" class=\"size-full wp-image-291633 aligncenter\" src=\"https:\/\/miestonaujienos.lt\/wp-content\/uploads\/2024\/10\/6-5.jpg\" alt=\"\" width=\"1230\" height=\"822\" srcset=\"https:\/\/miestonaujienos.lt\/wp-content\/uploads\/2024\/10\/6-5.jpg 1230w, https:\/\/miestonaujienos.lt\/wp-content\/uploads\/2024\/10\/6-5-218x146.jpg 218w\" sizes=\"auto, (max-width: 1230px) 100vw, 1230px\"\/><\/p>\n<p>K\u016brybi\u0161kumo ugdymo studijos DEKO vadov\u0117 bei parodos iniciator\u0117 Daiva Dominauskien\u0117 pasakojo, kad b\u016bsimai parodai vaikai ruo\u0161\u0117si bema\u017e m\u0117nes\u012f laiko, neskai\u010diuodami studijoje praleist\u0173 valand\u0173. Ta\u010diau rezultatas \u2013 atperka visk\u0105.<\/p>\n<p><img decoding=\"async\" loading=\"lazy\" class=\"size-full wp-image-291634 aligncenter\" src=\"https:\/\/miestonaujienos.lt\/wp-content\/uploads\/2024\/10\/5-5.jpg\" alt=\"\" width=\"1230\" height=\"822\" srcset=\"https:\/\/miestonaujienos.lt\/wp-content\/uploads\/2024\/10\/5-5.jpg 1230w, https:\/\/miestonaujienos.lt\/wp-content\/uploads\/2024\/10\/5-5-218x146.jpg 218w\" sizes=\"auto, (max-width: 1230px) 100vw, 1230px\"\/><\/p>\n<blockquote>\n<p>\u201eD\u0117koju ir u\u017e tai, kad stropiai lankote studij\u0105. Galiu tik d\u017eiaugtis, o j\u016bs\u0173 k\u016briniai yra daugiau nei pie\u0161iniai \u2013 tai yra atspindys j\u016bs\u0173 talento, kruop\u0161tumo, noro mokytis bei augti kaip k\u016br\u0117jams. A\u0161 tikiu, kad j\u016bs\u0173 \u012fd\u0117tos pastangos tikrai nuves jus \u012f did\u017eiulius pasiekimus, \u012f gra\u017eius atradimus\u201c.<\/p>\n<\/blockquote>\n<p><img decoding=\"async\" loading=\"lazy\" class=\"size-full wp-image-291635 aligncenter\" src=\"https:\/\/miestonaujienos.lt\/wp-content\/uploads\/2024\/10\/1-6.jpg\" alt=\"\" width=\"1230\" height=\"822\" srcset=\"https:\/\/miestonaujienos.lt\/wp-content\/uploads\/2024\/10\/1-6.jpg 1230w, https:\/\/miestonaujienos.lt\/wp-content\/uploads\/2024\/10\/1-6-218x146.jpg 218w\" sizes=\"auto, (max-width: 1230px) 100vw, 1230px\"\/><\/p>\n<p>Gausiai \u012f rengin\u012f susirinkusius jaunuosius k\u016br\u0117jus, j\u0173 t\u0117velius bei visus lankytojus nustebino ir ypatinga muzikin\u0117 dovana, kuri\u0105 dovanojo viena i\u0161 parodos autori\u0173 \u2013 Goda Vingiliauskait\u0117.<\/p>\n<p><img decoding=\"async\" loading=\"lazy\" class=\"size-full wp-image-291636 aligncenter\" src=\"https:\/\/miestonaujienos.lt\/wp-content\/uploads\/2024\/10\/4-4.jpg\" alt=\"\" width=\"1230\" height=\"822\" srcset=\"https:\/\/miestonaujienos.lt\/wp-content\/uploads\/2024\/10\/4-4.jpg 1230w, https:\/\/miestonaujienos.lt\/wp-content\/uploads\/2024\/10\/4-4-218x146.jpg 218w\" sizes=\"auto, (max-width: 1230px) 100vw, 1230px\"\/><\/p>\n<p>\u0160iauli\u0173 men\u0173 mokyklos k\u016brybi\u0161kumo studijos DEKO nari\u0173 paroda RUDENS HARMONIJA \u201eLaipt\u0173 galerijoje\u201c bus eksponuojama iki lapkri\u010dio 10 d.<\/p>\n<div class=\"g g-43\">\n<div class=\"g-single a-213\"><img decoding=\"async\" src=\"https:\/\/miestonaujienos.lt\/wp-content\/uploads\/2015\/12\/pranesimu-spaudai-platinimas.jpg\" width=\"100%\"\/><\/div>\n<\/div>\n<\/div>\n<p><script>(function(d, s, id) {\nvar js, fjs = d.getElementsByTagName(s)[0];\nif (d.getElementById(id)) return;\njs = d.createElement(s); js.id = id;\njs.src = \"\/\/connect.facebook.net\/lt_LT\/sdk.js#xfbml=1&version=v2.10\";\nfjs.parentNode.insertBefore(js, fjs);\n}(document, 'script', 'facebook-jssdk'));<\/script><br \/>\n<br \/><br \/>\n<br \/><a href=\"https:\/\/miestonaujienos.lt\/laiptu-galerija-suspindo-graziausiomis-rudens-spalvomis\/\">Source link <\/a><\/p>\n","protected":false},"excerpt":{"rendered":"<p>Spalio 29 dien\u0105 \u0160iauli\u0173 miesto kult\u016bros centras \u201eLaipt\u0173 galerija\u201c suspindo gra\u017eiausiomis rudens spalvomis. \u010cia atidaryta \u0160iauli\u0173 men\u0173 mokyklos k\u016brybi\u0161kumo ugdymo studijos DEKO nari\u0173 paroda RUDENS HARMONIJA. \u201eJ\u016bs\u0173 paroda \u2013 did\u017eiul\u0117 \u0161vent\u0117 \u0160iauliams. Smagu, kad savo darbus rodote ne tik mokyklos erdv\u0117se, bet ir \u010dia, \u201eLaipt\u0173 galerijoje\u201c. Mums didel\u0117 garb\u0117 Jus, jaunieji k\u016br\u0117jai, pristatyti bei parodyti [&hellip;]<\/p>\n","protected":false},"author":1,"featured_media":765,"comment_status":"","ping_status":"","sticky":false,"template":"","format":"standard","meta":{"om_disable_all_campaigns":false,"_monsterinsights_skip_tracking":false,"_monsterinsights_sitenote_active":false,"_monsterinsights_sitenote_note":"","_monsterinsights_sitenote_category":0,"footnotes":""},"categories":[4],"tags":[1292,1294,1291,736,1295,1293],"class_list":["post-764","post","type-post","status-publish","format-standard","has-post-thumbnail","hentry","category-miesto-naujienos-renginiai","tag-galerija","tag-graziausiomis","tag-laiptu","tag-rudens","tag-spalvomis","tag-suspindo"],"aioseo_notices":[],"_links":{"self":[{"href":"https:\/\/infonaujiena.lt\/index.php\/wp-json\/wp\/v2\/posts\/764","targetHints":{"allow":["GET"]}}],"collection":[{"href":"https:\/\/infonaujiena.lt\/index.php\/wp-json\/wp\/v2\/posts"}],"about":[{"href":"https:\/\/infonaujiena.lt\/index.php\/wp-json\/wp\/v2\/types\/post"}],"author":[{"embeddable":true,"href":"https:\/\/infonaujiena.lt\/index.php\/wp-json\/wp\/v2\/users\/1"}],"replies":[{"embeddable":true,"href":"https:\/\/infonaujiena.lt\/index.php\/wp-json\/wp\/v2\/comments?post=764"}],"version-history":[{"count":0,"href":"https:\/\/infonaujiena.lt\/index.php\/wp-json\/wp\/v2\/posts\/764\/revisions"}],"wp:featuredmedia":[{"embeddable":true,"href":"https:\/\/infonaujiena.lt\/index.php\/wp-json\/wp\/v2\/media\/765"}],"wp:attachment":[{"href":"https:\/\/infonaujiena.lt\/index.php\/wp-json\/wp\/v2\/media?parent=764"}],"wp:term":[{"taxonomy":"category","embeddable":true,"href":"https:\/\/infonaujiena.lt\/index.php\/wp-json\/wp\/v2\/categories?post=764"},{"taxonomy":"post_tag","embeddable":true,"href":"https:\/\/infonaujiena.lt\/index.php\/wp-json\/wp\/v2\/tags?post=764"}],"curies":[{"name":"wp","href":"https:\/\/api.w.org\/{rel}","templated":true}]}}